{"id":2762,"date":"2025-12-06T19:03:58","date_gmt":"2025-12-06T22:03:58","guid":{"rendered":"https:\/\/www.uogc.org.ar\/uogc\/?p=2762"},"modified":"2025-12-12T19:06:03","modified_gmt":"2025-12-12T22:06:03","slug":"solidaridad-con-la-lucha-del-garrahan","status":"publish","type":"post","link":"https:\/\/www.uogc.org.ar\/uogc\/solidaridad-con-la-lucha-del-garrahan\/","title":{"rendered":"Solidaridad con la lucha del Garrahan"},"content":{"rendered":"\n<p>La Uni\u00f3n Obrera Gr\u00e1fica Cordobesa, como integrante de la Mesa para la Defensa de la Salud como Derecho Fundamental, particip\u00f3 en el encuentro realizado este s\u00e1bado en la Casa de la Historia del Movimiento Obrero, junto a Norma Lezana, titular de la Asociaci\u00f3n de Profesionales y T\u00e9cnicos del Hospital Garrahan (APYT).<\/p>\n\n\n\n<p>En un contexto en el que el derecho a la salud es atacado permanentemente por el Gobierno nacional, acompa\u00f1amos esta jornada, ratificando nuestro respaldo a quienes marcan con su lucha cu\u00e1l debe ser el camino.<\/p>\n\n\n\n<p>Defender al Garrahan y a su equipo de profesionales, quienes padecen la cruel persecuci\u00f3n del Gobierno antidemocr\u00e1tico, es defender la salud de miles de ni\u00f1as y ni\u00f1os, as\u00ed como la dignidad de las y los trabajadores que garantizan una atenci\u00f3n de excelencia.<\/p>\n\n\n\n<p>Seguiremos acompa\u00f1ando cada instancia de unidad, lucha, organizaci\u00f3n, solidaridad y defensa de los derechos que el Gobierno de Javier Milei pretende eliminar.<\/p>\n\n\n\n<iframe src=\"https:\/\/www.facebook.com\/plugins\/post.php?href=https%3A%2F%2Fwww.facebook.com%2FGremio.grafico%2Fposts%2Fpfbid0hQEmiTVerdQ8njWLV3Pc9ea6FDRxxsvCM6hkFhr4fnsnqUd7q75EvKquZNMSNFF4l&#038;show_text=true&#038;width=500\" width=\"500\" height=\"750\" style=\"border:none;overflow:hidden\" scrolling=\"no\" frameborder=\"0\" allowfullscreen=\"true\" allow=\"autoplay; clipboard-write; encrypted-media; picture-in-picture; web-share\"><\/iframe>\n","protected":false},"excerpt":{"rendered":"<p> [&hellip;]<\/p>\n","protected":false},"author":3,"featured_media":2763,"comment_status":"closed","ping_status":"closed","sticky":false,"template":"","format":"standard","meta":{"_monsterinsights_skip_tracking":false,"_monsterinsights_sitenote_active":false,"_monsterinsights_sitenote_note":"","_monsterinsights_sitenote_category":0,"footnotes":""},"categories":[5],"tags":[],"class_list":["post-2762","post","type-post","status-publish","format-standard","has-post-thumbnail","hentry","category-noticias-gremio"],"aioseo_notices":[],"publishpress_future_action":{"enabled":false,"date":"2026-05-02 07:04:06","action":"change-status","newStatus":"draft","terms":[],"taxonomy":"category","extraData":[]},"publishpress_future_workflow_manual_trigger":{"enabledWorkflows":[]},"_links":{"self":[{"href":"https:\/\/www.uogc.org.ar\/uogc\/wp-json\/wp\/v2\/posts\/2762","targetHints":{"allow":["GET"]}}],"collection":[{"href":"https:\/\/www.uogc.org.ar\/uogc\/wp-json\/wp\/v2\/posts"}],"about":[{"href":"https:\/\/www.uogc.org.ar\/uogc\/wp-json\/wp\/v2\/types\/post"}],"author":[{"embeddable":true,"href":"https:\/\/www.uogc.org.ar\/uogc\/wp-json\/wp\/v2\/users\/3"}],"replies":[{"embeddable":true,"href":"https:\/\/www.uogc.org.ar\/uogc\/wp-json\/wp\/v2\/comments?post=2762"}],"version-history":[{"count":1,"href":"https:\/\/www.uogc.org.ar\/uogc\/wp-json\/wp\/v2\/posts\/2762\/revisions"}],"predecessor-version":[{"id":2764,"href":"https:\/\/www.uogc.org.ar\/uogc\/wp-json\/wp\/v2\/posts\/2762\/revisions\/2764"}],"wp:featuredmedia":[{"embeddable":true,"href":"https:\/\/www.uogc.org.ar\/uogc\/wp-json\/wp\/v2\/media\/2763"}],"wp:attachment":[{"href":"https:\/\/www.uogc.org.ar\/uogc\/wp-json\/wp\/v2\/media?parent=2762"}],"wp:term":[{"taxonomy":"category","embeddable":true,"href":"https:\/\/www.uogc.org.ar\/uogc\/wp-json\/wp\/v2\/categories?post=2762"},{"taxonomy":"post_tag","embeddable":true,"href":"https:\/\/www.uogc.org.ar\/uogc\/wp-json\/wp\/v2\/tags?post=2762"}],"curies":[{"name":"wp","href":"https:\/\/api.w.org\/{rel}","templated":true}]}}