{"id":2736,"date":"2025-11-05T23:30:00","date_gmt":"2025-11-06T02:30:00","guid":{"rendered":"https:\/\/www.uogc.org.ar\/uogc\/?p=2736"},"modified":"2025-11-07T14:33:38","modified_gmt":"2025-11-07T17:33:38","slug":"tosco-presente","status":"publish","type":"post","link":"https:\/\/www.uogc.org.ar\/uogc\/tosco-presente\/","title":{"rendered":"\u00a1Tosco presente!"},"content":{"rendered":"\n<p>A 50 a\u00f1os de la muerte en la clandestinidad de Agust\u00edn Tosco, lo recordamos defendiendo su legado.<br><br>El mi\u00e9rcoles 5 de noviembre, en la plaza que lleva su nombre, compa\u00f1eras y compa\u00f1eros de distintas organizaciones sindicales y organismos de derechos humanos rendimos homenaje a su figura, reafirmando que su ejemplo sigue siendo una gu\u00eda para las luchas del presente.<\/p>\n\n\n\n<p>Posteriormente, presentamos el libro &#8220;Agust\u00edn J. Tosco &#8211; La unidad del pensamiento y la acci\u00f3n&#8221; y descubrimos una placa en la Casa de la Historia del Movimiento Obrero.<\/p>\n\n\n\n<p>Tosco vive en la memoria y en cada trabajador y trabajadora que lucha por un mundo m\u00e1s justo.<\/p>\n\n\n\n<iframe src=\"https:\/\/www.facebook.com\/plugins\/post.php?href=https%3A%2F%2Fwww.facebook.com%2FGremio.grafico%2Fposts%2Fpfbid0SD15rK7ZDi6rj8pPKa6zVXV3SLVGzVabxAxV2LTSx9tpKiGZDsh5gyeMAjDq3g66l&#038;show_text=true&#038;width=500\" width=\"500\" height=\"793\" style=\"border:none;overflow:hidden\" scrolling=\"no\" frameborder=\"0\" allowfullscreen=\"true\" allow=\"autoplay; clipboard-write; encrypted-media; picture-in-picture; web-share\"><\/iframe>\n","protected":false},"excerpt":{"rendered":"<p> [&hellip;]<\/p>\n","protected":false},"author":3,"featured_media":2737,"comment_status":"closed","ping_status":"closed","sticky":false,"template":"","format":"standard","meta":{"_monsterinsights_skip_tracking":false,"_monsterinsights_sitenote_active":false,"_monsterinsights_sitenote_note":"","_monsterinsights_sitenote_category":0,"footnotes":""},"categories":[5],"tags":[],"class_list":["post-2736","post","type-post","status-publish","format-standard","has-post-thumbnail","hentry","category-noticias-gremio"],"aioseo_notices":[],"publishpress_future_action":{"enabled":false,"date":"2026-05-04 05:26:16","action":"change-status","newStatus":"draft","terms":[],"taxonomy":"category","extraData":[]},"publishpress_future_workflow_manual_trigger":{"enabledWorkflows":[]},"_links":{"self":[{"href":"https:\/\/www.uogc.org.ar\/uogc\/wp-json\/wp\/v2\/posts\/2736","targetHints":{"allow":["GET"]}}],"collection":[{"href":"https:\/\/www.uogc.org.ar\/uogc\/wp-json\/wp\/v2\/posts"}],"about":[{"href":"https:\/\/www.uogc.org.ar\/uogc\/wp-json\/wp\/v2\/types\/post"}],"author":[{"embeddable":true,"href":"https:\/\/www.uogc.org.ar\/uogc\/wp-json\/wp\/v2\/users\/3"}],"replies":[{"embeddable":true,"href":"https:\/\/www.uogc.org.ar\/uogc\/wp-json\/wp\/v2\/comments?post=2736"}],"version-history":[{"count":1,"href":"https:\/\/www.uogc.org.ar\/uogc\/wp-json\/wp\/v2\/posts\/2736\/revisions"}],"predecessor-version":[{"id":2738,"href":"https:\/\/www.uogc.org.ar\/uogc\/wp-json\/wp\/v2\/posts\/2736\/revisions\/2738"}],"wp:featuredmedia":[{"embeddable":true,"href":"https:\/\/www.uogc.org.ar\/uogc\/wp-json\/wp\/v2\/media\/2737"}],"wp:attachment":[{"href":"https:\/\/www.uogc.org.ar\/uogc\/wp-json\/wp\/v2\/media?parent=2736"}],"wp:term":[{"taxonomy":"category","embeddable":true,"href":"https:\/\/www.uogc.org.ar\/uogc\/wp-json\/wp\/v2\/categories?post=2736"},{"taxonomy":"post_tag","embeddable":true,"href":"https:\/\/www.uogc.org.ar\/uogc\/wp-json\/wp\/v2\/tags?post=2736"}],"curies":[{"name":"wp","href":"https:\/\/api.w.org\/{rel}","templated":true}]}}