{"id":2693,"date":"2025-09-16T20:28:35","date_gmt":"2025-09-16T23:28:35","guid":{"rendered":"https:\/\/www.uogc.org.ar\/uogc\/?p=2693"},"modified":"2025-09-16T20:28:37","modified_gmt":"2025-09-16T23:28:37","slug":"aniversario-de-la-noche-de-los-lapices-y-dia-nacional-de-la-juventud","status":"publish","type":"post","link":"https:\/\/www.uogc.org.ar\/uogc\/aniversario-de-la-noche-de-los-lapices-y-dia-nacional-de-la-juventud\/","title":{"rendered":"Aniversario de la Noche de los L\u00e1pices y D\u00eda Nacional de la Juventud"},"content":{"rendered":"\n<p>A 49 a\u00f1os de la Noche de los L\u00e1pices y en el marco del D\u00eda Nacional de la Juventud, este martes marchamos para mantener viva la memoria de aquellas y aquellos j\u00f3venes secuestrados y desaparecidos que luchaban por un pa\u00eds m\u00e1s justo.<\/p>\n\n\n\n<p>Recordamos tambi\u00e9n al compa\u00f1ero Atilio L\u00f3pez, quien fuera secretario general de la CGT C\u00f3rdoba y vicegobernador de C\u00f3rdoba, secuestrado y asesinado el 16 de septiembre de 1974. A 51 a\u00f1os de aquel crimen, seguimos reivindicando su compromiso con la clase trabajadora y la justicia social.<\/p>\n\n\n\n<p>Una vez m\u00e1s, en las calles reafirmamos que la memoria no se negocia y que la lucha de ayer nos marca el camino de hoy.<\/p>\n\n\n\n<iframe src=\"https:\/\/www.facebook.com\/plugins\/post.php?href=https%3A%2F%2Fwww.facebook.com%2FGremio.grafico%2Fposts%2Fpfbid02sp1ajR74dNy24VQgZu7jEtdVPXagYeS3q5GYym6NYq2XKuayssyb1xnA1GMqteTtl&#038;show_text=true&#038;width=500\" width=\"500\" height=\"850\" style=\"border:none;overflow:hidden\" scrolling=\"no\" frameborder=\"0\" allowfullscreen=\"true\" allow=\"autoplay; clipboard-write; encrypted-media; picture-in-picture; web-share\"><\/iframe>\n","protected":false},"excerpt":{"rendered":"<p> [&hellip;]<\/p>\n","protected":false},"author":3,"featured_media":2694,"comment_status":"closed","ping_status":"closed","sticky":false,"template":"","format":"standard","meta":{"_monsterinsights_skip_tracking":false,"_monsterinsights_sitenote_active":false,"_monsterinsights_sitenote_note":"","_monsterinsights_sitenote_category":0,"footnotes":""},"categories":[5],"tags":[],"class_list":["post-2693","post","type-post","status-publish","format-standard","has-post-thumbnail","hentry","category-noticias-gremio"],"aioseo_notices":[],"publishpress_future_action":{"enabled":false,"date":"2026-05-02 03:13:24","action":"change-status","newStatus":"draft","terms":[],"taxonomy":"category","extraData":[]},"publishpress_future_workflow_manual_trigger":{"enabledWorkflows":[]},"_links":{"self":[{"href":"https:\/\/www.uogc.org.ar\/uogc\/wp-json\/wp\/v2\/posts\/2693","targetHints":{"allow":["GET"]}}],"collection":[{"href":"https:\/\/www.uogc.org.ar\/uogc\/wp-json\/wp\/v2\/posts"}],"about":[{"href":"https:\/\/www.uogc.org.ar\/uogc\/wp-json\/wp\/v2\/types\/post"}],"author":[{"embeddable":true,"href":"https:\/\/www.uogc.org.ar\/uogc\/wp-json\/wp\/v2\/users\/3"}],"replies":[{"embeddable":true,"href":"https:\/\/www.uogc.org.ar\/uogc\/wp-json\/wp\/v2\/comments?post=2693"}],"version-history":[{"count":1,"href":"https:\/\/www.uogc.org.ar\/uogc\/wp-json\/wp\/v2\/posts\/2693\/revisions"}],"predecessor-version":[{"id":2695,"href":"https:\/\/www.uogc.org.ar\/uogc\/wp-json\/wp\/v2\/posts\/2693\/revisions\/2695"}],"wp:featuredmedia":[{"embeddable":true,"href":"https:\/\/www.uogc.org.ar\/uogc\/wp-json\/wp\/v2\/media\/2694"}],"wp:attachment":[{"href":"https:\/\/www.uogc.org.ar\/uogc\/wp-json\/wp\/v2\/media?parent=2693"}],"wp:term":[{"taxonomy":"category","embeddable":true,"href":"https:\/\/www.uogc.org.ar\/uogc\/wp-json\/wp\/v2\/categories?post=2693"},{"taxonomy":"post_tag","embeddable":true,"href":"https:\/\/www.uogc.org.ar\/uogc\/wp-json\/wp\/v2\/tags?post=2693"}],"curies":[{"name":"wp","href":"https:\/\/api.w.org\/{rel}","templated":true}]}}