{"id":2686,"date":"2025-09-02T13:35:41","date_gmt":"2025-09-02T16:35:41","guid":{"rendered":"https:\/\/www.uogc.org.ar\/uogc\/?p=2686"},"modified":"2025-09-02T13:38:03","modified_gmt":"2025-09-02T16:38:03","slug":"dia-de-la-industria-nada-para-celebrar","status":"publish","type":"post","link":"https:\/\/www.uogc.org.ar\/uogc\/dia-de-la-industria-nada-para-celebrar\/","title":{"rendered":"D\u00eda de la Industria: nada para celebrar"},"content":{"rendered":"\n<p>A continuaci\u00f3n, el documento presentado este martes por las organizaciones que integramos la Mesa Sindical de la Industria de C\u00f3rdoba ante las autoridades del Ministerio de Producci\u00f3n de la Provincia:<br><br>NECESITAMOS UN PAIS PRODUCTIVO<br><br>UNA INDUSTRIA CON PARTICIPACION, DISTRIBUCION Y PROTECCION SOCIAL<br>LA COMPETITIVIDAD NO SE LOGRA CON DESPIDOS, PERDIDA DE DERECHOS Y FLEXIBILIZACION LABORAL<\/p>\n\n\n\n<p><br>LA DESPROTECCION DEL TRABAJADOR\/A SOLO GENERA UNA SOCIEDAD SEGMENTADA, EXCLUYENTE E INEQUITATIVA<\/p>\n\n\n\n<p><br>Nuestro Pa\u00eds necesita un Estado dispuesto a sostener la producci\u00f3n de la Industria Nacional y Local, con pol\u00edticas activas que fortalezcan al sector, el empleo que genera y el ingreso de los trabajadores\/as, como herramientas para el desarrollo y progreso de nuestras comunidades.<\/p>\n\n\n\n<p><br>El actual gobierno nacional y algunos sectores empresarios, intencionalmente exponen ante la sociedad, que la competitividad de la industria se logra principalmente con: precarizaci\u00f3n laboral, reduciendo derechos individuales y\/o colectivos, intentando bajar los salarios. Pretenden abaratar costos, con el solo objetivo de sostener un modelo econ\u00f3mico liberal de apertura indiscriminada de la econom\u00eda, de primarizaci\u00f3n de la producci\u00f3n y de crecimiento de la especulaci\u00f3n financiera.<\/p>\n\n\n\n<p><br>Las principales medidas econ\u00f3micas del gobierno nacional, desnudan un claro privilegio al sector financiero-especulativo, en detrimento de los sectores productivos y de la calidad de vida de los que participamos en ellos.<\/p>\n\n\n\n<p><br>La construcci\u00f3n colectiva que sostenemos y defendemos las y los trabajadores de la Industria, es el desaf\u00edo de producir sin sacrificar la protecci\u00f3n social, la equidad en la distribuci\u00f3n del ingreso y la construcci\u00f3n de una sociedad moderna y equitativa.<\/p>\n\n\n\n<p><br>Tener una industria m\u00e1s productiva requiere de un Estado que genere pol\u00edticas industriales activas, mayores niveles de inversi\u00f3n, mejores sistemas de organizaci\u00f3n productiva, innovaci\u00f3n tecnol\u00f3gica, calidad institucional y capacidad de inserci\u00f3n inteligente en el mercado global. Responsabilidades que, en el marco de la organizaci\u00f3n social y productiva actual, pr\u00e1cticamente son ajenas al trabajador y descansan en el sector empresario y estatal.<\/p>\n\n\n\n<p><br>Argentina necesita sectores industriales que inviertan en equipamiento y capacitaci\u00f3n, que reinviertan sus utilidades para consolidar su posici\u00f3n con productos competitivos, producci\u00f3n eficiente, que permita consolidarlos en el mercado local y acceder a nuevos mercados internacionales.<\/p>\n\n\n\n<p><br>Estamos preocupados por las importaciones indiscriminadas, el ingreso de productos importados est\u00e1 poniendo en serio peligro la Industria Nacional. Los efectos negativos del rumbo econ\u00f3mico propuesto por este gobierno nacional, que no contiene a la Industria y a la producci\u00f3n, reduce el salario real, baja el poder adquisitivo de jubilaciones, pensiones y restringe el consumo. Todo esto est\u00e1 produciendo, particularmente en el sector industrial, cierre de empresas, bajas de producci\u00f3n, reducciones horarias, suspensiones y despidos.<\/p>\n\n\n\n<p><br>De Noviembre 2023 a Mayo 2025 se registro una disminuci\u00f3n en la cantidad de empleadores con trabajadores registrados del orden de 15.600 empresas menos. Mientras los trabadores\/as registrados que perdieron sus puestos de trabajo superaron los 223.500 perteneciendo alrededor de 40.000 al sector industrial. A modo de ejemplo, en nuestra provincia los efectos de esta realidad se ven claramente con los despidos producidos recientemente en Petroquimica Rio Tercero y en los sectores l\u00e1cteo, textil, grafico, construcci\u00f3n, metal\u00fargico y calzado entre otros.<\/p>\n\n\n\n<p><br>Por estas consecuencias previsibles, fue que oportunamente nos opusimos al DNU 70\/2030 y a la aprobaci\u00f3n de la Ley Base. Que lejos de fomentar inversiones y m\u00e1s trabajo, solo han producido un gran ajuste para todos los trabajadores\/as activos y pasivos.<\/p>\n\n\n\n<p><br>PARA DEFENDER LA INDUSTRIA NACIONAL:<\/p>\n\n\n\n<p><br>&#8211; Pol\u00edticas fiscales activas, desarrollos estrat\u00e9gicos de los sectores productivos y la defensa de la producci\u00f3n nacional.<br>&#8211; Un ESTADO presente y actores sociales comprometidos con el desarrollo industrial.<br>&#8211; Salarios, empleos y condiciones laborales dignas con integraci\u00f3n y desarrollo social<br>&#8211; Pol\u00edticas econ\u00f3micas que fortalezcan el consumo interno, las exportaciones de productos industriales y el desarrollo tecnol\u00f3gico, desalentando la especulaci\u00f3n financiera.<br>&#8211; Fortalecer la educaci\u00f3n y saberes de los actuales y futuros trabajadores para sostener sistemas productivos eficientes, innovadores y competitivos.<br>&#8211; El Estado debe articular intereses, corregir fallas del mercado y orientar el desarrollo con planeamiento estrat\u00e9gico, participaci\u00f3n democr\u00e1tica y transparencia.<br><br>PRECARIZAR CONDICIONES LABORALES Y SALARIALES VA EN CONTRA DE LAS MEJORAS DE LOS SISTEMAS PRODUCTIVOS INDUSTRIALES, LLEVA A LA POBREZA Y DESINTEGRACION SOCIAL.<br><br>Por estas razones defendemos la necesidad de sostener la negociaci\u00f3n colectiva por rama y\/o industria como una herramienta principal del dialogo social, la discusi\u00f3n salarial y de las condiciones productivas y laborales.<br><br>No podemos permitir que el gobierno nacional, con la complicidad de sectores empresarios y legisladores nacionales, pretendan eliminar o limitar la libre discusi\u00f3n paritaria.<br><br>BASTA PONER TECHO A LAS PARITARIAS Y NO HOMOLOGAR LOS ACUERDOS SALARIALES<br><br>Una sociedad productiva no se define solo por su tecnolog\u00eda, sino por su capacidad de generar valor agregado, de garantizar derechos, desarrollo social y mejor calidad de vida de sus habitantes.<br><br>Seguiremos defendiendo el SALARIO, el EMPLEO, las CONDICIONES LABORALES y la INDUSTRIA NACIONAL porque estamos convencidos que son las bases para lograr un desarrollo con mayor equidad e inclusi\u00f3n social.<br><br>UOM (Uni\u00f3n Obrera Metal\u00fargica) &#8211; SMATA (Sindicato de Mec\u00e1nicos y Afines del Transporte Automotor) &#8211; Uni\u00f3n Obrera de la Construcci\u00f3n (UOCRA) &#8211; Sindicato de Trabajadores Aeron\u00e1uticos de FAdeA (STA) &#8211; Uni\u00f3n Obrera Ladrillera (UOLRA) &#8211; Sindicato de Obreros de la Industria del Vidrio y Afines (SOIVA) &#8211; Sindicato de Trabajadores de la Industria de la Alimentaci\u00f3n (STIA) &#8211; Uni\u00f3n Obrera Cer\u00e1mica C\u00f3rdoba (UOCC) &#8211; Asociaci\u00f3n Obrera Minera Argentina Seccional C\u00f3rdoba (AOMA) &#8211; Uni\u00f3n Obrera Gr\u00e1fica Cordobesa (UOGC) &#8211; Asociaci\u00f3n de Supervisores de la Industria Metalmec\u00e1nica de la Rep. Argentina (ASIMRA) &#8211; Uni\u00f3n de Trabajadores de la Industria del Calzado (UTICRA) &#8211; Uni\u00f3n Obreros y Empleados de la Industria Maderera de C\u00f3rdoba (UOEIM) &#8211; Sindicato Obrero de la Industria del Vestido y Afines Sec. C\u00f3rdoba (SOIVA) &#8211; Asociaci\u00f3n de Trabajadores de la Industria Lechera de la Rep. Argentina (ATILRA) &#8211; Uni\u00f3n Obrera Molinera Argentina (UOMA) &#8211; Sindicato Pl\u00e1stico C\u00f3rdoba &#8211; Sindicato Argentino de Trabajadores de la Industria Fideera (SATIF) &#8211; Federaci\u00f3n de Trabajadores del Complejo Industrial Oleaginoso, Desmotadores de Algod\u00f3n y Afines de la Rep\u00fablica Argentina (FTCIOD Y ARA) &#8211; Sindicato del Personal de Industrias Qu\u00edmicas y Petroqu\u00edmicas de R\u00edo Tercero y Zona (SPIQYP).<\/p>\n","protected":false},"excerpt":{"rendered":"<p> [&hellip;]<\/p>\n","protected":false},"author":3,"featured_media":2687,"comment_status":"closed","ping_status":"closed","sticky":false,"template":"","format":"standard","meta":{"_monsterinsights_skip_tracking":false,"_monsterinsights_sitenote_active":false,"_monsterinsights_sitenote_note":"","_monsterinsights_sitenote_category":0,"footnotes":""},"categories":[5],"tags":[],"class_list":["post-2686","post","type-post","status-publish","format-standard","has-post-thumbnail","hentry","category-noticias-gremio"],"aioseo_notices":[],"publishpress_future_action":{"enabled":false,"date":"2026-05-02 01:55:47","action":"change-status","newStatus":"draft","terms":[],"taxonomy":"category","extraData":[]},"publishpress_future_workflow_manual_trigger":{"enabledWorkflows":[]},"_links":{"self":[{"href":"https:\/\/www.uogc.org.ar\/uogc\/wp-json\/wp\/v2\/posts\/2686","targetHints":{"allow":["GET"]}}],"collection":[{"href":"https:\/\/www.uogc.org.ar\/uogc\/wp-json\/wp\/v2\/posts"}],"about":[{"href":"https:\/\/www.uogc.org.ar\/uogc\/wp-json\/wp\/v2\/types\/post"}],"author":[{"embeddable":true,"href":"https:\/\/www.uogc.org.ar\/uogc\/wp-json\/wp\/v2\/users\/3"}],"replies":[{"embeddable":true,"href":"https:\/\/www.uogc.org.ar\/uogc\/wp-json\/wp\/v2\/comments?post=2686"}],"version-history":[{"count":3,"href":"https:\/\/www.uogc.org.ar\/uogc\/wp-json\/wp\/v2\/posts\/2686\/revisions"}],"predecessor-version":[{"id":2691,"href":"https:\/\/www.uogc.org.ar\/uogc\/wp-json\/wp\/v2\/posts\/2686\/revisions\/2691"}],"wp:featuredmedia":[{"embeddable":true,"href":"https:\/\/www.uogc.org.ar\/uogc\/wp-json\/wp\/v2\/media\/2687"}],"wp:attachment":[{"href":"https:\/\/www.uogc.org.ar\/uogc\/wp-json\/wp\/v2\/media?parent=2686"}],"wp:term":[{"taxonomy":"category","embeddable":true,"href":"https:\/\/www.uogc.org.ar\/uogc\/wp-json\/wp\/v2\/categories?post=2686"},{"taxonomy":"post_tag","embeddable":true,"href":"https:\/\/www.uogc.org.ar\/uogc\/wp-json\/wp\/v2\/tags?post=2686"}],"curies":[{"name":"wp","href":"https:\/\/api.w.org\/{rel}","templated":true}]}}