{"id":2406,"date":"2024-10-30T17:55:05","date_gmt":"2024-10-30T20:55:05","guid":{"rendered":"https:\/\/www.uogc.org.ar\/uogc\/?p=2406"},"modified":"2024-11-13T17:58:30","modified_gmt":"2024-11-13T20:58:30","slug":"milei-no-es-bienvenido-en-cordoba","status":"publish","type":"post","link":"https:\/\/www.uogc.org.ar\/uogc\/milei-no-es-bienvenido-en-cordoba\/","title":{"rendered":"\u00a1Milei no es bienvenido en C\u00f3rdoba!"},"content":{"rendered":"\n<p>Este mi\u00e9rcoles movilizamos junto a sindicatos hermanos, organizaciones sociales, estudiantiles, vecinales y de derechos humanos para rechazar la visita del presidente Javier Milei a la ciudad de C\u00f3rdoba.<\/p>\n\n\n\n<p>Repudiamos sus pol\u00edticas de ajuste y vaciamiento, la destrucci\u00f3n de los puestos de trabajo, la brutal ca\u00edda del poder adquisitivo de los salarios, la entrega de la soberan\u00eda nacional, entre muchas otras medidas que perjudican a las mayor\u00edas y benefician de forma exclusiva a grupos concentrados como los que anidan en la Fundaci\u00f3n Mediterr\u00e1nea, entidad que auspici\u00f3 la llegada de Milei a la ciudad.<\/p>\n\n\n\n<iframe src=\"https:\/\/www.facebook.com\/plugins\/post.php?href=https%3A%2F%2Fwww.facebook.com%2FGremio.grafico%2Fposts%2Fpfbid0314BqvvA4hJvoCL7mwDFfdQpSXu6v5Q6tw42gJ6Ckz2mbwQDgncixofjsjpswX1qWl&#038;show_text=true&#038;width=500\" width=\"500\" height=\"831\" style=\"border:none;overflow:hidden\" scrolling=\"no\" frameborder=\"0\" allowfullscreen=\"true\" allow=\"autoplay; clipboard-write; encrypted-media; picture-in-picture; web-share\"><\/iframe>\n","protected":false},"excerpt":{"rendered":"<p> [&hellip;]<\/p>\n","protected":false},"author":3,"featured_media":2407,"comment_status":"closed","ping_status":"closed","sticky":false,"template":"","format":"standard","meta":{"_monsterinsights_skip_tracking":false,"_monsterinsights_sitenote_active":false,"_monsterinsights_sitenote_note":"","_monsterinsights_sitenote_category":0,"footnotes":""},"categories":[5],"tags":[],"class_list":["post-2406","post","type-post","status-publish","format-standard","has-post-thumbnail","hentry","category-noticias-gremio"],"aioseo_notices":[],"publishpress_future_action":{"enabled":false,"date":"2026-05-08 22:54:49","action":"change-status","newStatus":"draft","terms":[],"taxonomy":"category","extraData":[]},"publishpress_future_workflow_manual_trigger":{"enabledWorkflows":[]},"_links":{"self":[{"href":"https:\/\/www.uogc.org.ar\/uogc\/wp-json\/wp\/v2\/posts\/2406","targetHints":{"allow":["GET"]}}],"collection":[{"href":"https:\/\/www.uogc.org.ar\/uogc\/wp-json\/wp\/v2\/posts"}],"about":[{"href":"https:\/\/www.uogc.org.ar\/uogc\/wp-json\/wp\/v2\/types\/post"}],"author":[{"embeddable":true,"href":"https:\/\/www.uogc.org.ar\/uogc\/wp-json\/wp\/v2\/users\/3"}],"replies":[{"embeddable":true,"href":"https:\/\/www.uogc.org.ar\/uogc\/wp-json\/wp\/v2\/comments?post=2406"}],"version-history":[{"count":1,"href":"https:\/\/www.uogc.org.ar\/uogc\/wp-json\/wp\/v2\/posts\/2406\/revisions"}],"predecessor-version":[{"id":2408,"href":"https:\/\/www.uogc.org.ar\/uogc\/wp-json\/wp\/v2\/posts\/2406\/revisions\/2408"}],"wp:featuredmedia":[{"embeddable":true,"href":"https:\/\/www.uogc.org.ar\/uogc\/wp-json\/wp\/v2\/media\/2407"}],"wp:attachment":[{"href":"https:\/\/www.uogc.org.ar\/uogc\/wp-json\/wp\/v2\/media?parent=2406"}],"wp:term":[{"taxonomy":"category","embeddable":true,"href":"https:\/\/www.uogc.org.ar\/uogc\/wp-json\/wp\/v2\/categories?post=2406"},{"taxonomy":"post_tag","embeddable":true,"href":"https:\/\/www.uogc.org.ar\/uogc\/wp-json\/wp\/v2\/tags?post=2406"}],"curies":[{"name":"wp","href":"https:\/\/api.w.org\/{rel}","templated":true}]}}