{"id":2402,"date":"2024-10-21T17:49:09","date_gmt":"2024-10-21T20:49:09","guid":{"rendered":"https:\/\/www.uogc.org.ar\/uogc\/?p=2402"},"modified":"2024-11-13T17:52:04","modified_gmt":"2024-11-13T20:52:04","slug":"clase-publica-en-defensa-de-la-salud-y-la-educacion","status":"publish","type":"post","link":"https:\/\/www.uogc.org.ar\/uogc\/clase-publica-en-defensa-de-la-salud-y-la-educacion\/","title":{"rendered":"Clase p\u00fablica en defensa de la salud y la educaci\u00f3n"},"content":{"rendered":"\n<p>Participamos en la clase p\u00fablica que estudiantes y docentes de la Facultad de Medicina de la Universidad Nacional de C\u00f3rdoba (UNC) realizaron en la explanada del Patio Olmos.<\/p>\n\n\n\n<p>Desde la UOGC, junto a la Mesa Permanente en Defensa de la Salud, apoyamos el reclamo de la comunidad universitaria contra el ajuste en el sector y ratificamos nuestra voluntad de lucha en defensa de la educaci\u00f3n y la salud p\u00fablica, derechos fundamentales que continuamente son atacados por las pol\u00edticas de vaciamiento del Gobierno nacional que encabeza el presidente Javier Milei.<\/p>\n\n\n\n<p>Convocamos a las y los interesados a sumarse a la Mesa Permanente en Defensa de la Salud como Derecho Fundamental, un espacio multisectorial integrado por gremios, agrupaciones de trabajadores y trabajadoras, profesionales, peque\u00f1os y medianos empresarios, obras sociales sindicales, organizaciones feministas, entre otros sectores.<\/p>\n\n\n\n<iframe src=\"https:\/\/www.facebook.com\/plugins\/post.php?href=https%3A%2F%2Fwww.facebook.com%2FGremio.grafico%2Fposts%2Fpfbid0VrzgPyeQgpR8c3UeicqryFkugeFRLWcqXJYzFn5Q9oDexTbdYv2NTX291QafPaB2l&#038;show_text=true&#038;width=500\" width=\"500\" height=\"250\" style=\"border:none;overflow:hidden\" scrolling=\"no\" frameborder=\"0\" allowfullscreen=\"true\" allow=\"autoplay; clipboard-write; encrypted-media; picture-in-picture; web-share\"><\/iframe>\n","protected":false},"excerpt":{"rendered":"<p> [&hellip;]<\/p>\n","protected":false},"author":3,"featured_media":2403,"comment_status":"closed","ping_status":"closed","sticky":false,"template":"","format":"standard","meta":{"_monsterinsights_skip_tracking":false,"_monsterinsights_sitenote_active":false,"_monsterinsights_sitenote_note":"","_monsterinsights_sitenote_category":0,"footnotes":""},"categories":[5,1],"tags":[],"class_list":["post-2402","post","type-post","status-publish","format-standard","has-post-thumbnail","hentry","category-noticias-gremio","category-sin-categoria"],"aioseo_notices":[],"publishpress_future_action":{"enabled":false,"date":"2026-05-08 20:21:27","action":"change-status","newStatus":"draft","terms":[],"taxonomy":"category","extraData":[]},"publishpress_future_workflow_manual_trigger":{"enabledWorkflows":[]},"_links":{"self":[{"href":"https:\/\/www.uogc.org.ar\/uogc\/wp-json\/wp\/v2\/posts\/2402","targetHints":{"allow":["GET"]}}],"collection":[{"href":"https:\/\/www.uogc.org.ar\/uogc\/wp-json\/wp\/v2\/posts"}],"about":[{"href":"https:\/\/www.uogc.org.ar\/uogc\/wp-json\/wp\/v2\/types\/post"}],"author":[{"embeddable":true,"href":"https:\/\/www.uogc.org.ar\/uogc\/wp-json\/wp\/v2\/users\/3"}],"replies":[{"embeddable":true,"href":"https:\/\/www.uogc.org.ar\/uogc\/wp-json\/wp\/v2\/comments?post=2402"}],"version-history":[{"count":2,"href":"https:\/\/www.uogc.org.ar\/uogc\/wp-json\/wp\/v2\/posts\/2402\/revisions"}],"predecessor-version":[{"id":2405,"href":"https:\/\/www.uogc.org.ar\/uogc\/wp-json\/wp\/v2\/posts\/2402\/revisions\/2405"}],"wp:featuredmedia":[{"embeddable":true,"href":"https:\/\/www.uogc.org.ar\/uogc\/wp-json\/wp\/v2\/media\/2403"}],"wp:attachment":[{"href":"https:\/\/www.uogc.org.ar\/uogc\/wp-json\/wp\/v2\/media?parent=2402"}],"wp:term":[{"taxonomy":"category","embeddable":true,"href":"https:\/\/www.uogc.org.ar\/uogc\/wp-json\/wp\/v2\/categories?post=2402"},{"taxonomy":"post_tag","embeddable":true,"href":"https:\/\/www.uogc.org.ar\/uogc\/wp-json\/wp\/v2\/tags?post=2402"}],"curies":[{"name":"wp","href":"https:\/\/api.w.org\/{rel}","templated":true}]}}