{"id":2398,"date":"2024-10-17T17:46:00","date_gmt":"2024-10-17T20:46:00","guid":{"rendered":"https:\/\/www.uogc.org.ar\/uogc\/?p=2398"},"modified":"2024-11-13T17:49:01","modified_gmt":"2024-11-13T20:49:01","slug":"dia-de-la-lealtad-peronista","status":"publish","type":"post","link":"https:\/\/www.uogc.org.ar\/uogc\/dia-de-la-lealtad-peronista\/","title":{"rendered":"D\u00eda de la Lealtad Peronista"},"content":{"rendered":"\n<p>Hoy conmemoramos el D\u00eda de la Lealtad Peronista junto a la CGT C\u00f3rdoba con un conversatorio que se realiz\u00f3 en la Casa de la Historia del Movimiento Obrero bajo el lema &#8220;Organizaci\u00f3n y Estado en el pensamiento de Per\u00f3n\u201d.<br><br>La actividad cont\u00f3 con la presentaci\u00f3n de nuestra secretaria general y cotitular de la central obrera, Ilda Bustos, y las destacadas disertaciones de Luis Esterlizi, legislador provincial (mandato cumplido) y Ministro de Obras P\u00fablicas durante el gobierno de Ricardo Obreg\u00f3n Cano y Atilio L\u00f3pez, y el historiador Luis Moyano.<br><br>En esta jornada reafirmamos los valores de lealtad, lucha y compromiso con los ideales peronistas.<\/p>\n\n\n\n<iframe src=\"https:\/\/www.facebook.com\/plugins\/post.php?href=https%3A%2F%2Fwww.facebook.com%2FGremio.grafico%2Fposts%2Fpfbid0ez7qX8yaUa9wXKcjgidVJwEYC4taURhmCTf3a1d2x87qJQbAVjn4WVFEcHL74Kzcl&#038;show_text=true&#038;width=500\" width=\"500\" height=\"812\" style=\"border:none;overflow:hidden\" scrolling=\"no\" frameborder=\"0\" allowfullscreen=\"true\" allow=\"autoplay; clipboard-write; encrypted-media; picture-in-picture; web-share\"><\/iframe>\n","protected":false},"excerpt":{"rendered":"<p> [&hellip;]<\/p>\n","protected":false},"author":3,"featured_media":2399,"comment_status":"closed","ping_status":"closed","sticky":false,"template":"","format":"standard","meta":{"_monsterinsights_skip_tracking":false,"_monsterinsights_sitenote_active":false,"_monsterinsights_sitenote_note":"","_monsterinsights_sitenote_category":0,"footnotes":""},"categories":[5,1],"tags":[],"class_list":["post-2398","post","type-post","status-publish","format-standard","has-post-thumbnail","hentry","category-noticias-gremio","category-sin-categoria"],"aioseo_notices":[],"publishpress_future_action":{"enabled":false,"date":"2026-05-08 19:05:47","action":"change-status","newStatus":"draft","terms":[],"taxonomy":"category","extraData":[]},"publishpress_future_workflow_manual_trigger":{"enabledWorkflows":[]},"_links":{"self":[{"href":"https:\/\/www.uogc.org.ar\/uogc\/wp-json\/wp\/v2\/posts\/2398","targetHints":{"allow":["GET"]}}],"collection":[{"href":"https:\/\/www.uogc.org.ar\/uogc\/wp-json\/wp\/v2\/posts"}],"about":[{"href":"https:\/\/www.uogc.org.ar\/uogc\/wp-json\/wp\/v2\/types\/post"}],"author":[{"embeddable":true,"href":"https:\/\/www.uogc.org.ar\/uogc\/wp-json\/wp\/v2\/users\/3"}],"replies":[{"embeddable":true,"href":"https:\/\/www.uogc.org.ar\/uogc\/wp-json\/wp\/v2\/comments?post=2398"}],"version-history":[{"count":1,"href":"https:\/\/www.uogc.org.ar\/uogc\/wp-json\/wp\/v2\/posts\/2398\/revisions"}],"predecessor-version":[{"id":2400,"href":"https:\/\/www.uogc.org.ar\/uogc\/wp-json\/wp\/v2\/posts\/2398\/revisions\/2400"}],"wp:featuredmedia":[{"embeddable":true,"href":"https:\/\/www.uogc.org.ar\/uogc\/wp-json\/wp\/v2\/media\/2399"}],"wp:attachment":[{"href":"https:\/\/www.uogc.org.ar\/uogc\/wp-json\/wp\/v2\/media?parent=2398"}],"wp:term":[{"taxonomy":"category","embeddable":true,"href":"https:\/\/www.uogc.org.ar\/uogc\/wp-json\/wp\/v2\/categories?post=2398"},{"taxonomy":"post_tag","embeddable":true,"href":"https:\/\/www.uogc.org.ar\/uogc\/wp-json\/wp\/v2\/tags?post=2398"}],"curies":[{"name":"wp","href":"https:\/\/api.w.org\/{rel}","templated":true}]}}