{"id":2393,"date":"2024-10-15T17:44:03","date_gmt":"2024-10-15T20:44:03","guid":{"rendered":"https:\/\/www.uogc.org.ar\/uogc\/?p=2393"},"modified":"2024-11-13T18:02:40","modified_gmt":"2024-11-13T21:02:40","slug":"denuncia-penal-y-solicitud-de-cautelar-por-graves-hechos-en-cartocor","status":"publish","type":"post","link":"https:\/\/www.uogc.org.ar\/uogc\/denuncia-penal-y-solicitud-de-cautelar-por-graves-hechos-en-cartocor\/","title":{"rendered":"Denuncia penal contra Cartocor y solicitud de cautelar"},"content":{"rendered":"\n<p><\/p>\n\n\n\n<p>La Uni\u00f3n Obrera Gr\u00e1fica Cordobesa comunica que ha realizado dos denuncias en la Justicia de C\u00f3rdoba y ante el Colegio de Escribanos, por los graves hechos acontecidos contra las y los trabajadores dependientes de la empresa Cartocor SA del Grupo Arcor en Villa del Totoral desde el mes de agosto de 2024.<\/p>\n\n\n\n<p>La empresa, que ha venido realizando acciones contra la libertad sindical desde el mes de marzo de 2024, tratando de no dar cumplimiento a una disposici\u00f3n de la Secretar\u00eda de Trabajo de la Naci\u00f3n, que establece la condici\u00f3n de trabajadores gr\u00e1ficos de quienes desarrollan actividades. laborales en la planta, se ha negado a negociar y se involucra en un tema que no es de su competencia y en el que no debe intervenir.<br><\/p>\n\n\n\n<p>Las presiones y amedrentamiento hacia las y los trabajadores llegaron hasta los primeros d\u00edas de agosto, donde produjo despidos incausados a modo de represalia y de mensaje amenazante y disuasorio. Estas acciones tuvieron un pico inadmisible de violencia y superando todos los l\u00edmites, el 12 de agosto, intensificando la persecuci\u00f3n individual y colectiva, amedrentando y coaccionando a los fines de obtener torcer la voluntad de esta organizaci\u00f3n y de las y los trabajadores.<\/p>\n\n\n\n<p>El repudiable accionar empresario tuvo su punto m\u00e1ximo cuando, habiendo tomado conocimiento de la afiliaci\u00f3n de las y los trabajadores a esta organizaci\u00f3n sindical, el personal jer\u00e1rquico y la escribana del lugar, citaron a cada uno de las y los afiliados para que se &#8220;retracten&#8221; de la afiliaci\u00f3n, en forma violenta, grosera y coactiva, bajo la amenaza de despidos.<\/p>\n\n\n\n<p>Por ello, la UOGC ha realizado ante la Justicia, la denuncia penal contra el gerente general de la firma, el jefe de recursos humanos, jefe de control de gesti\u00f3n, gerente de planta, la gerenta de recursos humanos, jefe de planta y la escribana actuante, por haber accionado ilegal y violentamente a los fines de torcer voluntades. Tambi\u00e9n ha presentado la denuncia por pr\u00e1ctica desleal, solicitando a la Justicia dicte la cautelar a los fines de impedir a la empresa que prosiga con el ilegal y repudiable accionar.<\/p>\n\n\n\n<p>Al Colegio de Escribanos de la Provincia de C\u00f3rdoba se le ha notificado de la denuncia penal presentada contra la escribana actuante, la que fue participe de las numerosas irregularidades constatadas.<\/p>\n","protected":false},"excerpt":{"rendered":"<p> [&hellip;]<\/p>\n","protected":false},"author":3,"featured_media":2394,"comment_status":"closed","ping_status":"closed","sticky":false,"template":"","format":"standard","meta":{"_monsterinsights_skip_tracking":false,"_monsterinsights_sitenote_active":false,"_monsterinsights_sitenote_note":"","_monsterinsights_sitenote_category":0,"footnotes":""},"categories":[5],"tags":[],"class_list":["post-2393","post","type-post","status-publish","format-standard","has-post-thumbnail","hentry","category-noticias-gremio"],"aioseo_notices":[],"publishpress_future_action":{"enabled":false,"date":"2026-05-08 17:55:32","action":"change-status","newStatus":"draft","terms":[],"taxonomy":"category","extraData":[]},"publishpress_future_workflow_manual_trigger":{"enabledWorkflows":[]},"_links":{"self":[{"href":"https:\/\/www.uogc.org.ar\/uogc\/wp-json\/wp\/v2\/posts\/2393","targetHints":{"allow":["GET"]}}],"collection":[{"href":"https:\/\/www.uogc.org.ar\/uogc\/wp-json\/wp\/v2\/posts"}],"about":[{"href":"https:\/\/www.uogc.org.ar\/uogc\/wp-json\/wp\/v2\/types\/post"}],"author":[{"embeddable":true,"href":"https:\/\/www.uogc.org.ar\/uogc\/wp-json\/wp\/v2\/users\/3"}],"replies":[{"embeddable":true,"href":"https:\/\/www.uogc.org.ar\/uogc\/wp-json\/wp\/v2\/comments?post=2393"}],"version-history":[{"count":3,"href":"https:\/\/www.uogc.org.ar\/uogc\/wp-json\/wp\/v2\/posts\/2393\/revisions"}],"predecessor-version":[{"id":2416,"href":"https:\/\/www.uogc.org.ar\/uogc\/wp-json\/wp\/v2\/posts\/2393\/revisions\/2416"}],"wp:featuredmedia":[{"embeddable":true,"href":"https:\/\/www.uogc.org.ar\/uogc\/wp-json\/wp\/v2\/media\/2394"}],"wp:attachment":[{"href":"https:\/\/www.uogc.org.ar\/uogc\/wp-json\/wp\/v2\/media?parent=2393"}],"wp:term":[{"taxonomy":"category","embeddable":true,"href":"https:\/\/www.uogc.org.ar\/uogc\/wp-json\/wp\/v2\/categories?post=2393"},{"taxonomy":"post_tag","embeddable":true,"href":"https:\/\/www.uogc.org.ar\/uogc\/wp-json\/wp\/v2\/tags?post=2393"}],"curies":[{"name":"wp","href":"https:\/\/api.w.org\/{rel}","templated":true}]}}