{"id":2222,"date":"2024-10-09T15:39:38","date_gmt":"2024-10-09T18:39:38","guid":{"rendered":"https:\/\/www.uogc.org.ar\/uogc\/?p=2222"},"modified":"2024-10-26T01:04:24","modified_gmt":"2024-10-26T04:04:24","slug":"graficos-en-la-feria-del-libro-cordoba-2024","status":"publish","type":"post","link":"https:\/\/www.uogc.org.ar\/uogc\/graficos-en-la-feria-del-libro-cordoba-2024\/","title":{"rendered":"Gr\u00e1ficos en la Feria del Libro C\u00f3rdoba 2024"},"content":{"rendered":"\n<p>A partir del 8 de octubre, nuestro sindicato dice presente en la Feria del Libro C\u00f3rdoba 2024 para exhibir las publicaciones editadas por la organizaci\u00f3n.<\/p>\n\n\n\n<p>Nuestro prop\u00f3sito es dar a conocer la historia del movimiento obrero, rescatar el legado de dirigentes como Atilio L\u00f3pez, Elpidio Torres y Agust\u00edn Tosco, reivindicar la lucha por los derechos humanos y recuperar experiencias como el Cordobazo y el Programa de La Falda y Huerta <a><\/a>Grande.<\/p>\n\n\n\n<p>\u00a1Ven\u00ed a visitarnos!<\/p>\n\n\n\n<p><strong>\u00bfCu\u00e1ndo?:<\/strong> Desde el 8 de octubre hasta el 20 de octubre<\/p>\n\n\n\n<p><strong>\u00bfD\u00f3nde?:<\/strong> Stand 63 &#8211; Supermanzana de la Intendencia &#8211; Ciudad de C\u00f3rdoba<\/p>\n\n\n\n<p><strong>Entrada GRATUITA<\/strong><\/p>\n\n\n\n<p>\u00a1Te esperamos!<\/p>\n\n\n\n<figure class=\"wp-block-image size-full\"><img fetchpriority=\"high\" decoding=\"async\" width=\"1080\" height=\"1200\" src=\"https:\/\/www.uogc.org.ar\/uogc\/wp-content\/uploads\/2024\/10\/Feria-del-Libro.png\" alt=\"\" class=\"wp-image-2223\" srcset=\"https:\/\/www.uogc.org.ar\/uogc\/wp-content\/uploads\/2024\/10\/Feria-del-Libro.png 1080w, https:\/\/www.uogc.org.ar\/uogc\/wp-content\/uploads\/2024\/10\/Feria-del-Libro-135x150.png 135w, https:\/\/www.uogc.org.ar\/uogc\/wp-content\/uploads\/2024\/10\/Feria-del-Libro-768x853.png 768w\" sizes=\"(max-width: 1080px) 100vw, 1080px\" \/><\/figure>\n\n\n\n<p><\/p>\n","protected":false},"excerpt":{"rendered":"<p> [&hellip;]<\/p>\n","protected":false},"author":3,"featured_media":2356,"comment_status":"closed","ping_status":"closed","sticky":false,"template":"","format":"standard","meta":{"_monsterinsights_skip_tracking":false,"_monsterinsights_sitenote_active":false,"_monsterinsights_sitenote_note":"","_monsterinsights_sitenote_category":0,"footnotes":""},"categories":[5],"tags":[],"class_list":["post-2222","post","type-post","status-publish","format-standard","has-post-thumbnail","hentry","category-noticias-gremio"],"aioseo_notices":[],"publishpress_future_action":{"enabled":false,"date":"2026-05-08 14:16:50","action":"change-status","newStatus":"draft","terms":[],"taxonomy":"category","extraData":[]},"publishpress_future_workflow_manual_trigger":{"enabledWorkflows":[]},"_links":{"self":[{"href":"https:\/\/www.uogc.org.ar\/uogc\/wp-json\/wp\/v2\/posts\/2222","targetHints":{"allow":["GET"]}}],"collection":[{"href":"https:\/\/www.uogc.org.ar\/uogc\/wp-json\/wp\/v2\/posts"}],"about":[{"href":"https:\/\/www.uogc.org.ar\/uogc\/wp-json\/wp\/v2\/types\/post"}],"author":[{"embeddable":true,"href":"https:\/\/www.uogc.org.ar\/uogc\/wp-json\/wp\/v2\/users\/3"}],"replies":[{"embeddable":true,"href":"https:\/\/www.uogc.org.ar\/uogc\/wp-json\/wp\/v2\/comments?post=2222"}],"version-history":[{"count":4,"href":"https:\/\/www.uogc.org.ar\/uogc\/wp-json\/wp\/v2\/posts\/2222\/revisions"}],"predecessor-version":[{"id":2230,"href":"https:\/\/www.uogc.org.ar\/uogc\/wp-json\/wp\/v2\/posts\/2222\/revisions\/2230"}],"wp:featuredmedia":[{"embeddable":true,"href":"https:\/\/www.uogc.org.ar\/uogc\/wp-json\/wp\/v2\/media\/2356"}],"wp:attachment":[{"href":"https:\/\/www.uogc.org.ar\/uogc\/wp-json\/wp\/v2\/media?parent=2222"}],"wp:term":[{"taxonomy":"category","embeddable":true,"href":"https:\/\/www.uogc.org.ar\/uogc\/wp-json\/wp\/v2\/categories?post=2222"},{"taxonomy":"post_tag","embeddable":true,"href":"https:\/\/www.uogc.org.ar\/uogc\/wp-json\/wp\/v2\/tags?post=2222"}],"curies":[{"name":"wp","href":"https:\/\/api.w.org\/{rel}","templated":true}]}}