{"id":1746,"date":"2022-08-16T12:55:03","date_gmt":"2022-08-16T15:55:03","guid":{"rendered":"https:\/\/www.uogc.org.ar\/uogc\/?p=1746"},"modified":"2022-08-26T13:59:18","modified_gmt":"2022-08-26T16:59:18","slug":"congreso","status":"publish","type":"post","link":"https:\/\/www.uogc.org.ar\/uogc\/congreso\/","title":{"rendered":"XVII Congreso Provincial  &#8211; Uni\u00f3n Obrera Gr\u00e1fica Cordobesa"},"content":{"rendered":"\t\t<div data-elementor-type=\"wp-post\" data-elementor-id=\"1746\" class=\"elementor elementor-1746\" data-elementor-post-type=\"post\">\n\t\t\t\t\t\t<section class=\"elementor-section elementor-top-section elementor-element elementor-element-4b0acc99 elementor-section-boxed elementor-section-height-default elementor-section-height-default\" data-id=\"4b0acc99\" data-element_type=\"section\" data-e-type=\"section\">\n\t\t\t\t\t\t<div class=\"elementor-container elementor-column-gap-default\">\n\t\t\t\t\t<div class=\"elementor-column elementor-col-100 elementor-top-column elementor-element elementor-element-53114a1e\" data-id=\"53114a1e\" data-element_type=\"column\" data-e-type=\"column\">\n\t\t\t<div class=\"elementor-widget-wrap elementor-element-populated\">\n\t\t\t\t\t\t<div class=\"elementor-element elementor-element-141e632 elementor-button-info elementor-align-right elementor-widget elementor-widget-button\" data-id=\"141e632\" data-element_type=\"widget\" data-e-type=\"widget\" data-widget_type=\"button.default\">\n\t\t\t\t<div class=\"elementor-widget-container\">\n\t\t\t\t\t\t\t\t\t<div class=\"elementor-button-wrapper\">\n\t\t\t\t\t<a class=\"elementor-button elementor-button-link elementor-size-sm\" href=\"https:\/\/drive.google.com\/drive\/folders\/16p7hXhs2OYeZdKU_uEYN6NUMqjD_PwtQ\">\n\t\t\t\t\t\t<span class=\"elementor-button-content-wrapper\">\n\t\t\t\t\t\t<span class=\"elementor-button-icon\">\n\t\t\t\t<i aria-hidden=\"true\" class=\"fas fa-photo-video\"><\/i>\t\t\t<\/span>\n\t\t\t\t\t\t\t\t\t<span class=\"elementor-button-text\">FOTOS<\/span>\n\t\t\t\t\t<\/span>\n\t\t\t\t\t<\/a>\n\t\t\t\t<\/div>\n\t\t\t\t\t\t\t\t<\/div>\n\t\t\t\t<\/div>\n\t\t\t\t<div class=\"elementor-element elementor-element-2d7a4fa elementor-widget elementor-widget-text-editor\" data-id=\"2d7a4fa\" data-element_type=\"widget\" data-e-type=\"widget\" data-widget_type=\"text-editor.default\">\n\t\t\t\t<div class=\"elementor-widget-container\">\n\t\t\t\t\t\t\t\t\t<h3><span style=\"font-size: 19px; letter-spacing: 0px; text-transform: inherit;\">MARIO ALBERTO D\u00cdAZ<\/span><\/h3>\n<h5>DISERTACI\u00d3N DE ILDA BUSTOS<\/h5>\n<p>\u00a0<\/p>\n<p align=\"justify\">\u201cEste resumen es para las compa\u00f1eras y los compa\u00f1eros que no conocieron a Mario, para que conozcan parte de la historia de nuestro Sindicato y nuestras luchas. Tenemos muchos a\u00f1os y muchas victorias, pero con su liderazgo se cambi\u00f3 el destino de la UOGC. Pas\u00f3 a ser otra organizaci\u00f3n en la estructura y funcionamiento\u201d.<br \/>Ilda Bustos hizo memoria sobre el compa\u00f1ero D\u00edaz, a quien se\u00f1al\u00f3 como un defensor de la autodeterminaci\u00f3n de los pueblos, cosa que tuvo muy incorporada en su comportamiento y en su acci\u00f3n. Ex dirigente de la UOGC y art\u00edfice de su recuperaci\u00f3n como Sindicato al comenzar la democracia (1983). Comenz\u00f3 como el \u201cMovimiento de Unidad Gr\u00e1fico\u201d en el que se promovi\u00f3 la inmediata normalizaci\u00f3n de los sindicatos en C\u00f3rdoba, algunos de ellos intervenidos o desorganizados. Despu\u00e9s de un trabajo importante se pudo normalizar el Sindicato y Mario qued\u00f3 como adjunto. Inici\u00f3 una tarea que dio sus frutos: la representaci\u00f3n real del Estatuto y la b\u00fasqueda de los talleres gr\u00e1ficos en el interior de C\u00f3rdoba. Eso permiti\u00f3 la recuperaci\u00f3n de la Lista Verde (emblema de Raimundo Ongaro, a quien admiraba: \u201cMejor honra sin sindicatos, que sindicatos sin honra\u201d era su frase). Se encar\u00f3 una tarea sindical con m\u00e1s homogeneidad y continuidad para con las luchas por las fuentes de trabajo. Mario estuvo al frente de esas luchas, en particular la de Ideal (impresora de Arcor en camino a Montecristo). Una lucha fuerte contra un grupo monop\u00f3lico hasta el d\u00eda de hoy. Fue tomada en 3 oportunidades y cost\u00f3 mucho, \u201cA veces perdimos, pero peleamos, es lo que rescatan nuestros compa\u00f1eros\u201d, dice Ilda. \u201cConseguimos la independencia del Sindicato respecto de las posiciones pol\u00edticas, herramienta de presi\u00f3n por las obras sociales y recursos\u201d. <br \/>\u201cEn el 88\u00b4 se plante\u00f3 recuperar dos cosas: que no nos presionaran con la obra social y recuperar la capacidad de firmar convenios. Logramos ambas cosas utilizando un mecanismo: el plebiscito. Obra social propia, firma del convenio y recuperaci\u00f3n de todas las seccionales del interior al convenio. Votaron la mayor\u00eda de los compa\u00f1eros y compa\u00f1eras de modo casi un\u00e1nime por estas consignas. Nos retiraron todos los fondos y tuvimos que afrontar con los recursos del Sindicato algunas cuestiones de atenci\u00f3n de salud. En el 92\u00b4 lo conseguimos. Y en el 91\u00b4ya conseguimos que se llamara a paritaria para recuperar la capacidad de ser firmantes de convenio\u201d.<br \/>La nueva Federaci\u00f3n (FATGDA), tal vez sea una suerte de homenaje p\u00f3stumo para Mario, poder lograr la unidad con las otras provincias. <br \/>El fue el gran impulsor. \u201cPudimos concretar, a ra\u00edz de tener la obra social, un desarrollo muy importante de la estructura gremial y pudimos hacer realidad el anhelo m\u00e1s grande, que fue comprar una casa de descanso, la Hoster\u00eda de San Antonio de Arredondo\u201d, en gran medida un logro de \u00e9l.<br \/>\u201cDe una forma u otra, hay una continuidad de ese accionar. Eso permanece. M\u00e1s all\u00e1 de su intempestiva partida, su presencia es innegable porque parte de su obra est\u00e1, con todo lo complejo de la situaci\u00f3n actual. Estamos de pie. Y siendo un sindicato peque\u00f1o en relaci\u00f3n con otros, hemos logrado mucho\u201d.<br \/>Con esta s\u00edntesis rendimos homenaje y nos comprometemos a seguir en este camino, con una conducta gremial que llev\u00f3 a dejar de lado toda cuesti\u00f3n con tal de defender los puestos de trabajos y participar en un proyecto de pa\u00eds que tenga la justicia social como norte.<br \/>\u201cTodo tiene que ver en nuestra conducta: la que se opone al capitalismo como \u00fanica opci\u00f3n para los habitantes de este mundo. A Mario D\u00edaz, hasta la Victoria siempre\u201d.<\/p>\t\t\t\t\t\t\t\t<\/div>\n\t\t\t\t<\/div>\n\t\t\t\t\t<\/div>\n\t\t<\/div>\n\t\t\t\t\t<\/div>\n\t\t<\/section>\n\t\t\t\t<\/div>\n\t\t","protected":false},"excerpt":{"rendered":"<p> [&hellip;]<\/p>\n","protected":false},"author":1,"featured_media":1732,"comment_status":"closed","ping_status":"closed","sticky":false,"template":"","format":"standard","meta":{"_monsterinsights_skip_tracking":false,"_monsterinsights_sitenote_active":false,"_monsterinsights_sitenote_note":"","_monsterinsights_sitenote_category":0,"footnotes":""},"categories":[7,5,16,12],"tags":[],"class_list":["post-1746","post","type-post","status-publish","format-standard","has-post-thumbnail","hentry","category-destacadas","category-noticias-gremio","category-novedades","category-novedades-uogc"],"aioseo_notices":[],"publishpress_future_action":{"enabled":false,"date":"2026-05-07 22:43:35","action":"change-status","newStatus":"draft","terms":[],"taxonomy":"category","extraData":[]},"publishpress_future_workflow_manual_trigger":{"enabledWorkflows":[]},"_links":{"self":[{"href":"https:\/\/www.uogc.org.ar\/uogc\/wp-json\/wp\/v2\/posts\/1746","targetHints":{"allow":["GET"]}}],"collection":[{"href":"https:\/\/www.uogc.org.ar\/uogc\/wp-json\/wp\/v2\/posts"}],"about":[{"href":"https:\/\/www.uogc.org.ar\/uogc\/wp-json\/wp\/v2\/types\/post"}],"author":[{"embeddable":true,"href":"https:\/\/www.uogc.org.ar\/uogc\/wp-json\/wp\/v2\/users\/1"}],"replies":[{"embeddable":true,"href":"https:\/\/www.uogc.org.ar\/uogc\/wp-json\/wp\/v2\/comments?post=1746"}],"version-history":[{"count":16,"href":"https:\/\/www.uogc.org.ar\/uogc\/wp-json\/wp\/v2\/posts\/1746\/revisions"}],"predecessor-version":[{"id":1785,"href":"https:\/\/www.uogc.org.ar\/uogc\/wp-json\/wp\/v2\/posts\/1746\/revisions\/1785"}],"wp:featuredmedia":[{"embeddable":true,"href":"https:\/\/www.uogc.org.ar\/uogc\/wp-json\/wp\/v2\/media\/1732"}],"wp:attachment":[{"href":"https:\/\/www.uogc.org.ar\/uogc\/wp-json\/wp\/v2\/media?parent=1746"}],"wp:term":[{"taxonomy":"category","embeddable":true,"href":"https:\/\/www.uogc.org.ar\/uogc\/wp-json\/wp\/v2\/categories?post=1746"},{"taxonomy":"post_tag","embeddable":true,"href":"https:\/\/www.uogc.org.ar\/uogc\/wp-json\/wp\/v2\/tags?post=1746"}],"curies":[{"name":"wp","href":"https:\/\/api.w.org\/{rel}","templated":true}]}}